{"id":85,"date":"2023-04-15T14:16:25","date_gmt":"2023-04-15T12:16:25","guid":{"rendered":"https:\/\/belleveillance.fr\/?p=85"},"modified":"2023-05-05T15:16:21","modified_gmt":"2023-05-05T13:16:21","slug":"definition-belleveillance","status":"publish","type":"post","link":"https:\/\/belleveillance.fr\/index.php\/definition-belleveillance\/","title":{"rendered":"D\u00e9finition \u00ab\u00a0Belleveillance\u00a0\u00bb"},"content":{"rendered":"\n<div class=\"inherit-container-width wp-block-group has-background is-layout-constrained wp-block-group-is-layout-constrained\" style=\"background-color:#f8f4e4\">\n<div class=\"wp-block-columns alignwide is-layout-flex wp-container-core-columns-is-layout-28f84493 wp-block-columns-is-layout-flex\">\n<div class=\"wp-block-column is-layout-flow wp-block-column-is-layout-flow\">\n<h6 class=\"wp-block-heading has-text-color\" id=\"ecosystem\" style=\"color:#000000\">Concept<\/h6>\n\n\n\n<p class=\"has-text-color\" style=\"color:#000000;font-size:3vw;line-height:1.1\"><strong>Une d\u00e9finition de Belleveillance<\/strong><\/p>\n\n\n\n<div style=\"height:5px\" aria-hidden=\"true\" class=\"wp-block-spacer\"><\/div>\n\n\n\n<h1 class=\"wp-block-heading alignwide\" id=\"we-re-a-studio-in-berlin-with-an-international-practice-in-architecture-urban-planning-and-interior-design-we-believe-in-sharing-knowledge-and-promoting-dialogue-to-increase-the-creative-potential-of-collaboration\" style=\"font-size:48px;line-height:1.1\"><strong>Salut \u00e0 tous!<\/strong><\/h1>\n\n\n\n<h3 class=\"wp-block-heading alignwide\" id=\"we-re-a-studio-in-berlin-with-an-international-practice-in-architecture-urban-planning-and-interior-design-we-believe-in-sharing-knowledge-and-promoting-dialogue-to-increase-the-creative-potential-of-collaboration\" style=\"font-size:30px;line-height:1.1\">Pour commencer, je vous doit bien une explication et une d\u00e9finition\u2026<\/h3>\n\n\n\n<p><\/p>\n<\/div>\n<\/div>\n\n\n\n<div class=\"wp-block-columns alignwide is-layout-flex wp-container-core-columns-is-layout-28f84493 wp-block-columns-is-layout-flex\">\n<div class=\"wp-block-column is-layout-flow wp-block-column-is-layout-flow\" style=\"flex-basis:50%\">\n<p>J&rsquo;ai invent\u00e9 le concept \u00ab\u00a0Belleveillance\u00a0\u00bb de mani\u00e8re intuitive suite \u00e0 mes travaux sur la m\u00e9ditation en pleine conscience en master de psychologie clinique de la sant\u00e9. J&rsquo;ai \u00e9tudi\u00e9 le cadre th\u00e9orique de la pleine conscience en psychologie g\u00e9n\u00e9rale ainsi que ses d\u00e9finitions et ses applications. Le terme \u00ab\u00a0pleine conscience\u00a0\u00bb provient de la traduction en fran\u00e7ais de \u00ab\u00a0mindfulness\u00a0\u00bb. <\/p>\n\n\n\n<p><strong>La pleine conscience est une expression d\u00e9signant une double qualit\u00e9 de conscience avec (i) une attention, une pr\u00e9sence ou une conscience vigilante marqu\u00e9e par l&rsquo;orientation de l&rsquo;attention dans le moment pr\u00e9sent et (ii) une attitude d&rsquo;acceptation, de curiosit\u00e9 et d&rsquo;ouverture. Elle peut \u00eatre interne (sensations, pens\u00e9es, \u00e9motions, actions, motivations, etc.) et\/ou externe (au monde environnant, bruits, objets, \u00e9v\u00e8nements, etc.).<\/strong><\/p>\n<\/div>\n\n\n\n<div class=\"wp-block-column is-layout-flow wp-block-column-is-layout-flow\" style=\"flex-basis:50%\">\n<figure class=\"wp-block-image aligncenter size-full is-resized\"><img loading=\"lazy\" decoding=\"async\" src=\"https:\/\/belleveillance.fr\/wp-content\/uploads\/2023\/02\/cropped-logo-bv-bw1.001.jpeg\" alt=\"Belleveillance, \u00eatre dans le moment pr\u00e9sent avec le coeur et la fleur de vie.\" class=\"wp-image-23\" width=\"318\" height=\"374\" srcset=\"https:\/\/belleveillance.fr\/wp-content\/uploads\/2023\/02\/cropped-logo-bv-bw1.001.jpeg 824w, https:\/\/belleveillance.fr\/wp-content\/uploads\/2023\/02\/cropped-logo-bv-bw1.001-255x300.jpeg 255w, https:\/\/belleveillance.fr\/wp-content\/uploads\/2023\/02\/cropped-logo-bv-bw1.001-768x903.jpeg 768w\" sizes=\"auto, (max-width: 318px) 100vw, 318px\" \/><figcaption class=\"wp-element-caption\">psychologie, sant\u00e9, bien-\u00eatre.<\/figcaption><\/figure>\n<\/div>\n<\/div>\n\n\n\n<div class=\"wp-block-columns alignwide is-layout-flex wp-container-core-columns-is-layout-28f84493 wp-block-columns-is-layout-flex\">\n<div class=\"wp-block-column is-vertically-aligned-center is-layout-flow wp-block-column-is-layout-flow\" style=\"flex-basis:100%\">\n<p>Mes travaux de recherche sur la mesure des \u00e9tats de pleine conscience m&rsquo;ont amen\u00e9 \u00e0 mettre en \u00e9vidence les principaux processus psychologiques impliqu\u00e9s dans les \u00e9tats de pleine conscience.<\/p>\n\n\n\n<p>Les 5 principaux processus impliqu\u00e9s trouv\u00e9s sont : <\/p>\n\n\n\n<p>-Les affects positifs : amour inconditionnel, compassion, bienveillance, gratitude, joie, etc&#8230;<\/p>\n\n\n\n<p>-La pr\u00e9sence corporelle : sensations corporelles<\/p>\n\n\n\n<p>-La pr\u00e9sence \u00e0 l&rsquo;environnement : sensations des sens (vue, ou\u00efe, odorat, go\u00fbt et toucher)<\/p>\n\n\n\n<p>-L&rsquo;ouverture et la curiosit\u00e9 cognitive: observation non s\u00e9lective des pens\u00e9es, des \u00e9motions, des stimuli sensoriels<\/p>\n\n\n\n<p>-L&rsquo;\u00e9quanimit\u00e9 : recherche de l&rsquo;\u00e9quilibre \u00e9motionnel et mental, non-r\u00e9activit\u00e9 et non-jugement.<\/p>\n\n\n\n<figure class=\"wp-block-image aligncenter size-large is-resized\"><img loading=\"lazy\" decoding=\"async\" src=\"https:\/\/belleveillance.fr\/wp-content\/uploads\/2023\/02\/ice-crystal-snowflake-cold-1865308-1024x1024.jpg\" alt=\"ice crystal, snowflake, cold-1865308.jpg\" class=\"wp-image-28\" width=\"286\" height=\"286\" srcset=\"https:\/\/belleveillance.fr\/wp-content\/uploads\/2023\/02\/ice-crystal-snowflake-cold-1865308-1024x1024.jpg 1024w, https:\/\/belleveillance.fr\/wp-content\/uploads\/2023\/02\/ice-crystal-snowflake-cold-1865308-300x300.jpg 300w, https:\/\/belleveillance.fr\/wp-content\/uploads\/2023\/02\/ice-crystal-snowflake-cold-1865308-150x150.jpg 150w, https:\/\/belleveillance.fr\/wp-content\/uploads\/2023\/02\/ice-crystal-snowflake-cold-1865308-768x768.jpg 768w, https:\/\/belleveillance.fr\/wp-content\/uploads\/2023\/02\/ice-crystal-snowflake-cold-1865308.jpg 1280w\" sizes=\"auto, (max-width: 286px) 100vw, 286px\" \/><figcaption class=\"wp-element-caption\">Un cristal d&rsquo;eau<\/figcaption><\/figure>\n<\/div>\n<\/div>\n<\/div>\n\n\n\n<div class=\"inherit-container-width wp-block-group has-background is-layout-constrained wp-block-group-is-layout-constrained\" style=\"background-color:#f8f4e4\">\n<div class=\"inherit-container-width wp-block-group alignwide is-layout-constrained wp-block-group-is-layout-constrained\">\n<p>Compte tenu des d\u00e9finitions donn\u00e9es ci-avant et des r\u00e9sultats de mes travaux orient\u00e9s sur les processus impliqu\u00e9s dans les \u00e9tats de pleine conscience, \u00ab\u00a0belleveillance\u00a0\u00bb m&rsquo;est apparue comme une traduction plus personnelle de \u00ab\u00a0mindfulness\u00a0\u00bb. En effet, cette qualit\u00e9 de conscience d\u00e9finit alors comme \u00ab\u00a0un \u00e9tat de belleveillance dans le moment pr\u00e9sent\u00a0\u00bb poss\u00e8de une nature pluridimentionnelle avec 5 principaux processus impliqu\u00e9s.<\/p>\n\n\n\n<p class=\"has-text-align-center has-medium-font-size\"><mark style=\"background-color:rgba(0, 0, 0, 0)\" class=\"has-inline-color has-ast-global-color-1-color\"><strong>\u00ab\u00a0La belleveillance est un \u00e9tat de conscience\u00a0\u00bb<\/strong><\/mark><\/p>\n\n\n\n<p>\u00ab\u00a0Belleveillance\u00a0\u00bb est l&rsquo;adjonction de \u00ab\u00a0belle\u00a0\u00bb et \u00ab\u00a0veillance\u00a0\u00bb dont voici les d\u00e9finitions :<\/p>\n\n\n\n<p>-Belle : adj. f., Qui suscite un plaisir esth\u00e9tique d&rsquo;ordre visuel ou auditif.<\/p>\n\n\n\n<p>-Veillance : nom f., fait de veiller sur quelqu&rsquo;un, faire preuve d&rsquo;une vigilance, d&rsquo;une attention envers autrui et\/ou soi.<\/p>\n\n\n\n<p>Notons que \u00ab\u00a0belleveillance\u00a0\u00bb est aussi un mot valise permettant la contraction de \u00ab\u00a0belle\u00a0\u00bb et \u00ab\u00a0bienveillance\u00a0\u00bb<\/p>\n\n\n\n<p>-Bienveillance : nom f., Disposition d&rsquo;esprit inclinant \u00e0 la compr\u00e9hension, \u00e0 l&rsquo;indulgence envers autrui. Capacit\u00e9 \u00e0 se montrer indulgent, gentil et attentionn\u00e9 envers autrui d&rsquo;une mani\u00e8re d\u00e9sint\u00e9ress\u00e9e et compr\u00e9hensive.<\/p>\n\n\n\n<p class=\"has-text-align-center has-black-color has-text-color\"><mark style=\"background-color:rgba(0, 0, 0, 0)\" class=\"has-inline-color has-ast-global-color-1-color\"><strong>Ainsi, une belleveillance est un \u00e9tat de conscience manifestant une attention envers soi et\/ou autrui (pr\u00e9sence corporelle et \u00e0 l&rsquo;environnement) marqu\u00e9 par une belle vigilance (affects positifs, ouverture et \u00e9quanimit\u00e9) qui suscite un plaisir esth\u00e9tique, sensuel, spirituel (\u00e9panouissement).<\/strong><\/mark><\/p>\n<\/div>\n\n\n\n<div class=\"wp-block-columns alignwide is-layout-flex wp-container-core-columns-is-layout-28f84493 wp-block-columns-is-layout-flex\">\n<div class=\"wp-block-column is-vertically-aligned-center is-layout-flow wp-block-column-is-layout-flow\" style=\"flex-basis:67%\">\n<figure class=\"wp-block-image aligncenter size-large is-resized\"><img loading=\"lazy\" decoding=\"async\" src=\"https:\/\/s.w.org\/images\/core\/5.8\/outside-03.jpg\" alt=\"Le soleil brille au dessus d\u2019une cr\u00eate donnant sur le bord de mer. Plus loin, une voiture est visible.\" width=\"318\" height=\"212\"\/><figcaption class=\"wp-element-caption\">\u00catre en cheminement.<\/figcaption><\/figure>\n<\/div>\n\n\n\n<div class=\"wp-block-column is-vertically-aligned-center is-layout-flow wp-block-column-is-layout-flow\" style=\"flex-basis:33%\">\n<p class=\"has-text-color has-extra-small-font-size\" style=\"color:#000000\">Voil\u00e0, vous \u00eates in-form\u00e9s, je vous donne rdv avec des futurs articles et \u00e9v\u00e8nements pour discuter et \u00e9changer\u2026 Merci.<\/p>\n\n\n\n<p><\/p>\n\n\n\n<p class=\"has-black-color has-text-color has-medium-font-size\"><strong>Franck Naudin<\/strong><\/p>\n<\/div>\n<\/div>\n<\/div>\n","protected":false},"excerpt":{"rendered":"<p>Concept Une d\u00e9finition de Belleveillance Salut \u00e0 tous! Pour commencer, je vous doit bien une explication et une d\u00e9finition\u2026 J&rsquo;ai invent\u00e9 le concept \u00ab\u00a0Belleveillance\u00a0\u00bb de mani\u00e8re intuitive suite \u00e0 mes travaux sur la m\u00e9ditation en pleine conscience en master de psychologie clinique de la sant\u00e9. J&rsquo;ai \u00e9tudi\u00e9 le cadre th\u00e9orique de la pleine conscience en [&hellip;]<\/p>\n","protected":false},"author":1,"featured_media":0,"comment_status":"open","ping_status":"open","sticky":true,"template":"","format":"standard","meta":{"_uag_custom_page_level_css":"","site-sidebar-layout":"default","site-content-layout":"","ast-site-content-layout":"default","site-content-style":"default","site-sidebar-style":"default","ast-global-header-display":"","ast-banner-title-visibility":"","ast-main-header-display":"","ast-hfb-above-header-display":"","ast-hfb-below-header-display":"","ast-hfb-mobile-header-display":"","site-post-title":"disabled","ast-breadcrumbs-content":"","ast-featured-img":"","footer-sml-layout":"","theme-transparent-header-meta":"","adv-header-id-meta":"","stick-header-meta":"","header-above-stick-meta":"","header-main-stick-meta":"","header-below-stick-meta":"","astra-migrate-meta-layouts":"default","ast-page-background-enabled":"default","ast-page-background-meta":{"desktop":{"background-color":"var(--ast-global-color-4)","background-image":"","background-repeat":"repeat","background-position":"center center","background-size":"auto","background-attachment":"scroll","background-type":"","background-media":"","overlay-type":"","overlay-color":"","overlay-opacity":"","overlay-gradient":""},"tablet":{"background-color":"","background-image":"","background-repeat":"repeat","background-position":"center center","background-size":"auto","background-attachment":"scroll","background-type":"","background-media":"","overlay-type":"","overlay-color":"","overlay-opacity":"","overlay-gradient":""},"mobile":{"background-color":"","background-image":"","background-repeat":"repeat","background-position":"center center","background-size":"auto","background-attachment":"scroll","background-type":"","background-media":"","overlay-type":"","overlay-color":"","overlay-opacity":"","overlay-gradient":""}},"ast-content-background-meta":{"desktop":{"background-color":"var(--ast-global-color-5)","background-image":"","background-repeat":"repeat","background-position":"center center","background-size":"auto","background-attachment":"scroll","background-type":"","background-media":"","overlay-type":"","overlay-color":"","overlay-opacity":"","overlay-gradient":""},"tablet":{"background-color":"var(--ast-global-color-5)","background-image":"","background-repeat":"repeat","background-position":"center center","background-size":"auto","background-attachment":"scroll","background-type":"","background-media":"","overlay-type":"","overlay-color":"","overlay-opacity":"","overlay-gradient":""},"mobile":{"background-color":"var(--ast-global-color-5)","background-image":"","background-repeat":"repeat","background-position":"center center","background-size":"auto","background-attachment":"scroll","background-type":"","background-media":"","overlay-type":"","overlay-color":"","overlay-opacity":"","overlay-gradient":""}},"footnotes":""},"categories":[11],"tags":[14,13],"class_list":["post-85","post","type-post","status-publish","format-standard","hentry","category-theorie","tag-concept","tag-definition-belleveillance"],"uagb_featured_image_src":{"full":false,"thumbnail":false,"medium":false,"medium_large":false,"large":false,"1536x1536":false,"2048x2048":false,"mailpoet_newsletter_max":false},"uagb_author_info":{"display_name":"Franck Naudin","author_link":"https:\/\/belleveillance.fr\/index.php\/author\/admin8103\/"},"uagb_comment_info":6,"uagb_excerpt":"Concept Une d\u00e9finition de Belleveillance Salut \u00e0 tous! Pour commencer, je vous doit bien une explication et une d\u00e9finition\u2026 J&rsquo;ai invent\u00e9 le concept \u00ab\u00a0Belleveillance\u00a0\u00bb de mani\u00e8re intuitive suite \u00e0 mes travaux sur la m\u00e9ditation en pleine conscience en master de psychologie clinique de la sant\u00e9. J&rsquo;ai \u00e9tudi\u00e9 le cadre th\u00e9orique de la pleine conscience en\u2026","_links":{"self":[{"href":"https:\/\/belleveillance.fr\/index.php\/wp-json\/wp\/v2\/posts\/85","targetHints":{"allow":["GET"]}}],"collection":[{"href":"https:\/\/belleveillance.fr\/index.php\/wp-json\/wp\/v2\/posts"}],"about":[{"href":"https:\/\/belleveillance.fr\/index.php\/wp-json\/wp\/v2\/types\/post"}],"author":[{"embeddable":true,"href":"https:\/\/belleveillance.fr\/index.php\/wp-json\/wp\/v2\/users\/1"}],"replies":[{"embeddable":true,"href":"https:\/\/belleveillance.fr\/index.php\/wp-json\/wp\/v2\/comments?post=85"}],"version-history":[{"count":13,"href":"https:\/\/belleveillance.fr\/index.php\/wp-json\/wp\/v2\/posts\/85\/revisions"}],"predecessor-version":[{"id":174,"href":"https:\/\/belleveillance.fr\/index.php\/wp-json\/wp\/v2\/posts\/85\/revisions\/174"}],"wp:attachment":[{"href":"https:\/\/belleveillance.fr\/index.php\/wp-json\/wp\/v2\/media?parent=85"}],"wp:term":[{"taxonomy":"category","embeddable":true,"href":"https:\/\/belleveillance.fr\/index.php\/wp-json\/wp\/v2\/categories?post=85"},{"taxonomy":"post_tag","embeddable":true,"href":"https:\/\/belleveillance.fr\/index.php\/wp-json\/wp\/v2\/tags?post=85"}],"curies":[{"name":"wp","href":"https:\/\/api.w.org\/{rel}","templated":true}]}}