{"id":401,"date":"2024-02-27T15:08:29","date_gmt":"2024-02-27T14:08:29","guid":{"rendered":"https:\/\/belleveillance.fr\/?p=401"},"modified":"2024-02-27T15:08:29","modified_gmt":"2024-02-27T14:08:29","slug":"stage-wellness-et-danse-dimanche-23-mars-2024-athena-danse-et-costumes-a-langon","status":"publish","type":"post","link":"https:\/\/belleveillance.fr\/index.php\/stage-wellness-et-danse-dimanche-23-mars-2024-athena-danse-et-costumes-a-langon\/","title":{"rendered":"Stage Wellness et Danse &#8211; Dimanche 23 mars 2024 &#8211; Ath\u00e9na danse et costumes \u00e0 Langon"},"content":{"rendered":"\n<div class=\"wp-block-uagb-image aligncenter uagb-block-2512d856 wp-block-uagb-image--layout-default wp-block-uagb-image--effect-static wp-block-uagb-image--align-center\"><figure class=\"wp-block-uagb-image__figure\"><img decoding=\"async\"  sizes=\"auto, (max-width: 480px) 150px\" src=\"https:\/\/belleveillance.fr\/wp-content\/uploads\/2024\/02\/Wellness-Danse-Poster-240324-Langon-724x1024.png\" alt=\"\" width=\"724\" height=\"1024\" title=\"\" loading=\"lazy\"\/><\/figure><\/div>\n\n\n\n<p><\/p>\n\n\n\n<div class=\"wp-block-uagb-advanced-heading uagb-block-d1c10b45\"><h2 class=\"uagb-heading-text\">Bonjour \u00e0 tous,<br><br>Je vous propose de nous retrouver pour un stage Wellness et Danse dimanche 23 mars 2024 \u00e0 Ath\u00e9na danse et costumes \u00e0 Langon <img loading=\"lazy\" decoding=\"async\" height=\"16\" width=\"16\" src=\"https:\/\/static.xx.fbcdn.net\/images\/emoji.php\/v9\/t58\/1\/16\/1f929.png\" alt=\"\ud83e\udd29\">.<\/h2><\/div>\n\n\n\n<p><\/p>\n\n\n\n<div class=\"wp-block-uagb-advanced-heading uagb-block-13f936cc\"><h2 class=\"uagb-heading-text\">C&rsquo;est une premi\u00e8re pour moi dans le sud-gironde, un nouveau d\u00e9part, de nouvelles \u00e9nergies&#8230;<\/h2><\/div>\n\n\n\n<p><\/p>\n\n\n\n<div class=\"wp-block-uagb-advanced-heading uagb-block-dbcb4339\"><h2 class=\"uagb-heading-text\">Une session ludique et th\u00e9rapeutique \ud83d\ude09 <br><br>Voici le lien pour les inscriptions en ligne :<br><br><a href=\"https:\/\/www.billetweb.fr\/stage-wellness-et-danse-24-03-24-a-langon\">billetweb.fr\/stage-wellness-et-danse-24-03-24-a-langon<\/a><br><br>Au plaisir de vous retrouver nombreux pour partager un moment unique !!!<br><br>Franck<br><\/h2><\/div>\n","protected":false},"excerpt":{"rendered":"<p>Bonjour \u00e0 tous, Je vous propose de nous retrouver pour un stage Wellness et Danse dimanche 23 mars 2024 \u00e0 Ath\u00e9na danse et costumes \u00e0 Langon . C&rsquo;est une premi\u00e8re pour moi dans le sud-gironde, un nouveau d\u00e9part, de nouvelles \u00e9nergies&#8230; Une session ludique et th\u00e9rapeutique \ud83d\ude09 Voici le lien pour les inscriptions en ligne [&hellip;]<\/p>\n","protected":false},"author":1,"featured_media":0,"comment_status":"open","ping_status":"open","sticky":false,"template":"","format":"standard","meta":{"_uag_custom_page_level_css":"","site-sidebar-layout":"default","site-content-layout":"","ast-site-content-layout":"default","site-content-style":"default","site-sidebar-style":"default","ast-global-header-display":"","ast-banner-title-visibility":"","ast-main-header-display":"","ast-hfb-above-header-display":"","ast-hfb-below-header-display":"","ast-hfb-mobile-header-display":"","site-post-title":"","ast-breadcrumbs-content":"","ast-featured-img":"","footer-sml-layout":"","theme-transparent-header-meta":"","adv-header-id-meta":"","stick-header-meta":"","header-above-stick-meta":"","header-main-stick-meta":"","header-below-stick-meta":"","astra-migrate-meta-layouts":"set","ast-page-background-enabled":"default","ast-page-background-meta":{"desktop":{"background-color":"var(--ast-global-color-4)","background-image":"","background-repeat":"repeat","background-position":"center center","background-size":"auto","background-attachment":"scroll","background-type":"","background-media":"","overlay-type":"","overlay-color":"","overlay-opacity":"","overlay-gradient":""},"tablet":{"background-color":"","background-image":"","background-repeat":"repeat","background-position":"center center","background-size":"auto","background-attachment":"scroll","background-type":"","background-media":"","overlay-type":"","overlay-color":"","overlay-opacity":"","overlay-gradient":""},"mobile":{"background-color":"","background-image":"","background-repeat":"repeat","background-position":"center center","background-size":"auto","background-attachment":"scroll","background-type":"","background-media":"","overlay-type":"","overlay-color":"","overlay-opacity":"","overlay-gradient":""}},"ast-content-background-meta":{"desktop":{"background-color":"var(--ast-global-color-5)","background-image":"","background-repeat":"repeat","background-position":"center center","background-size":"auto","background-attachment":"scroll","background-type":"","background-media":"","overlay-type":"","overlay-color":"","overlay-opacity":"","overlay-gradient":""},"tablet":{"background-color":"var(--ast-global-color-5)","background-image":"","background-repeat":"repeat","background-position":"center center","background-size":"auto","background-attachment":"scroll","background-type":"","background-media":"","overlay-type":"","overlay-color":"","overlay-opacity":"","overlay-gradient":""},"mobile":{"background-color":"var(--ast-global-color-5)","background-image":"","background-repeat":"repeat","background-position":"center center","background-size":"auto","background-attachment":"scroll","background-type":"","background-media":"","overlay-type":"","overlay-color":"","overlay-opacity":"","overlay-gradient":""}},"footnotes":""},"categories":[20,10],"tags":[18,22,13,17,21,23],"class_list":["post-401","post","type-post","status-publish","format-standard","hentry","category-evenement","category-newsletter","tag-bien-etre","tag-danse","tag-definition-belleveillance","tag-sante","tag-stage","tag-yoga"],"uagb_featured_image_src":{"full":false,"thumbnail":false,"medium":false,"medium_large":false,"large":false,"1536x1536":false,"2048x2048":false,"mailpoet_newsletter_max":false},"uagb_author_info":{"display_name":"Franck Naudin","author_link":"https:\/\/belleveillance.fr\/index.php\/author\/admin8103\/"},"uagb_comment_info":3,"uagb_excerpt":"Bonjour \u00e0 tous, Je vous propose de nous retrouver pour un stage Wellness et Danse dimanche 23 mars 2024 \u00e0 Ath\u00e9na danse et costumes \u00e0 Langon . C&rsquo;est une premi\u00e8re pour moi dans le sud-gironde, un nouveau d\u00e9part, de nouvelles \u00e9nergies&#8230; Une session ludique et th\u00e9rapeutique \ud83d\ude09 Voici le lien pour les inscriptions en ligne\u2026","_links":{"self":[{"href":"https:\/\/belleveillance.fr\/index.php\/wp-json\/wp\/v2\/posts\/401","targetHints":{"allow":["GET"]}}],"collection":[{"href":"https:\/\/belleveillance.fr\/index.php\/wp-json\/wp\/v2\/posts"}],"about":[{"href":"https:\/\/belleveillance.fr\/index.php\/wp-json\/wp\/v2\/types\/post"}],"author":[{"embeddable":true,"href":"https:\/\/belleveillance.fr\/index.php\/wp-json\/wp\/v2\/users\/1"}],"replies":[{"embeddable":true,"href":"https:\/\/belleveillance.fr\/index.php\/wp-json\/wp\/v2\/comments?post=401"}],"version-history":[{"count":1,"href":"https:\/\/belleveillance.fr\/index.php\/wp-json\/wp\/v2\/posts\/401\/revisions"}],"predecessor-version":[{"id":403,"href":"https:\/\/belleveillance.fr\/index.php\/wp-json\/wp\/v2\/posts\/401\/revisions\/403"}],"wp:attachment":[{"href":"https:\/\/belleveillance.fr\/index.php\/wp-json\/wp\/v2\/media?parent=401"}],"wp:term":[{"taxonomy":"category","embeddable":true,"href":"https:\/\/belleveillance.fr\/index.php\/wp-json\/wp\/v2\/categories?post=401"},{"taxonomy":"post_tag","embeddable":true,"href":"https:\/\/belleveillance.fr\/index.php\/wp-json\/wp\/v2\/tags?post=401"}],"curies":[{"name":"wp","href":"https:\/\/api.w.org\/{rel}","templated":true}]}}